{"id":37428,"date":"2026-09-05T00:46:47","date_gmt":"2026-09-05T00:46:47","guid":{"rendered":"http:\/\/tdi_84_670"},"modified":"2026-09-05T19:21:22","modified_gmt":"2026-09-05T19:21:22","slug":"the-real-economy-has-never-been-tested-by-a-pandemic","status":"publish","type":"post","link":"https:\/\/sonkale16tv.com.tr\/index.php\/2026\/09\/05\/the-real-economy-has-never-been-tested-by-a-pandemic\/","title":{"rendered":"\u201cBir \u00dclkenin Aynas\u0131 Sokakt\u0131r\u201d"},"content":{"rendered":"<p class=\"isSelectedEnd\"><strong>\u0130Y\u0130 Parti Osmangazi \u0130l\u00e7e Divan Kurulu \u00dcyesi, T\u00fcrk D\u00fcnyas\u0131 ve Yurtd\u0131\u015f\u0131 T\u00fcrklerden Sorumlu \u0130l\u00e7e Ba\u015fkan Yard\u0131mc\u0131s\u0131 ve \u0130Y\u0130 Parti Bursa \u0130l Ba\u015fkanl\u0131\u011f\u0131 Turizm Komisyonu \u00dcyesi \u00d6zcan G\u00f6n\u00fclal<\/strong>, vatanda\u015f\u0131n ger\u00e7ek g\u00fcndeminin saha ziyaretlerinde a\u00e7\u0131k\u00e7a g\u00f6r\u00fcld\u00fc\u011f\u00fcn\u00fc belirterek, ekonomik s\u0131k\u0131nt\u0131lar, \u00fcreticinin ya\u015fad\u0131\u011f\u0131 zorluklar ve toplumun beklentilerine ili\u015fkin dikkat \u00e7eken de\u011ferlendirmelerde bulundu.<\/p>\n<p class=\"isSelectedEnd\">G\u00f6n\u00fclal, y\u00fcr\u00fctt\u00fckleri te\u015fkilat \u00e7al\u0131\u015fmalar\u0131 kapsam\u0131nda k\u00f6ylerden mahallelere, sanayi sitelerinden pazar yerlerine kadar Bursa\u2019n\u0131n bir\u00e7ok noktas\u0131nda vatanda\u015flarla bir araya geldiklerini ifade ederek, toplumun nabz\u0131n\u0131n resmi raporlardan \u00e7ok sokakta tutuldu\u011funu s\u00f6yledi.<\/p>\n<h2>\u201cGer\u00e7ek g\u00fcndem k\u00f6y kahvelerinde konu\u015fuluyor\u201d<\/h2>\n<p class=\"isSelectedEnd\">Saha ziyaretlerinde edindi\u011fi izlenimleri payla\u015fan G\u00f6n\u00fclal, g\u00fcn bat\u0131m\u0131nda bir k\u00f6y kahvesinde ya\u015fad\u0131\u011f\u0131 sohbeti \u00f6rnek g\u00f6stererek, vatanda\u015flar\u0131n en temel g\u00fcndem maddesinin ekonomik sorunlar oldu\u011funu dile getirdi.<\/p>\n<div class=\"ads\"><\/div>\n<p class=\"isSelectedEnd\">Ak\u015fam saatlerinde k\u00f6y kahvesinde vatanda\u015flarla bir araya geldiklerini anlatan G\u00f6n\u00fclal, \u00e7ay e\u015fli\u011finde yap\u0131lan sohbetlerde ne sporun ne de g\u00fcnl\u00fck tart\u0131\u015fmalar\u0131n konu\u015fuldu\u011funu, masalardaki ortak konunun ge\u00e7im m\u00fccadelesi oldu\u011funu belirtti.<\/p>\n<p class=\"isSelectedEnd\">Kahvede bulunan \u00e7ift\u00e7ilerin sessizli\u011fi ve y\u00fcz ifadelerinin bir\u00e7ok istatistikten daha fazla \u015fey anlatt\u0131\u011f\u0131n\u0131 ifade eden G\u00f6n\u00fclal, y\u0131llar\u0131n eme\u011fini topra\u011fa veren \u00fcreticilerin gelecek konusunda ciddi kayg\u0131lar ta\u015f\u0131d\u0131\u011f\u0131n\u0131 s\u00f6yledi.<\/p>\n<p class=\"isSelectedEnd\">Konu\u015fmalar s\u0131ras\u0131nda ya\u015fl\u0131 bir \u00e7ift\u00e7inin yaln\u0131zca \u201cBu y\u0131l da ektik\u2026\u201d demekle yetindi\u011fini aktaran G\u00f6n\u00fclal, s\u00f6zlerini tamamlamayan \u00e7ift\u00e7inin asl\u0131nda bulundu\u011fu ortamdaki herkes taraf\u0131ndan anla\u015f\u0131ld\u0131\u011f\u0131n\u0131 belirterek, ekonomik belirsizliklerin vatanda\u015f \u00fczerinde olu\u015fturdu\u011fu psikolojik y\u00fck\u00fcn her ge\u00e7en g\u00fcn artt\u0131\u011f\u0131n\u0131 ifade etti.<\/p>\n<div class=\"ads\"><\/div>\n<h2>\u201cDevletin ger\u00e7ek karnesi vatanda\u015f\u0131n y\u00fcz\u00fcndedir\u201d<\/h2>\n<p class=\"isSelectedEnd\">Vatanda\u015f\u0131n ya\u015fad\u0131\u011f\u0131 sorunlar\u0131n ancak sahada g\u00f6r\u00fclebilece\u011fini vurgulayan G\u00f6n\u00fclal, bir \u00fclkenin durumunun yaln\u0131zca resmi verilerle de\u011ferlendirilemeyece\u011fini s\u00f6yledi.<\/p>\n<p class=\"isSelectedEnd\">\u201cBir \u00fclkeyi anlamak istiyorsan\u0131z \u00f6nce sokaklar\u0131na bak\u0131n. Meydanlar\u0131na, k\u00f6y kahvelerine, sanayi sitelerine, pazar yerlerine bak\u0131n. Devletlerin ger\u00e7ek karnesi bakanl\u0131k raporlar\u0131nda de\u011fil, vatanda\u015f\u0131n y\u00fcz\u00fcndeki ifadede gizlidir.\u201d de\u011ferlendirmesinde bulunan G\u00f6n\u00fclal, toplumun ruh halinin en do\u011fru \u015fekilde halk\u0131n g\u00fcnl\u00fck ya\u015fam\u0131nda g\u00f6zlemlenebilece\u011fini dile getirdi.<\/p>\n<h2>\u201cSaha \u00e7al\u0131\u015fmalar\u0131m\u0131z se\u00e7im d\u00f6nemleriyle s\u0131n\u0131rl\u0131 de\u011fil\u201d<\/h2>\n<p class=\"isSelectedEnd\">\u0130Y\u0130 Parti te\u015fkilatlar\u0131n\u0131n uzun s\u00fcredir aral\u0131ks\u0131z saha \u00e7al\u0131\u015fmalar\u0131 y\u00fcr\u00fctt\u00fc\u011f\u00fcn\u00fc belirten G\u00f6n\u00fclal, ziyaretlerin yaln\u0131zca se\u00e7im d\u00f6nemlerinde yap\u0131lan faaliyetler olmad\u0131\u011f\u0131n\u0131 s\u00f6yledi.<\/p>\n<p class=\"isSelectedEnd\">K\u00f6y k\u00f6y, mahalle mahalle ve il\u00e7e il\u00e7e vatanda\u015flarla bulu\u015ftuklar\u0131n\u0131 ifade eden G\u00f6n\u00fclal, kimi zaman sanayi sitelerinde esnafla, kimi zaman tarlas\u0131nda \u00e7al\u0131\u015fan \u00e7ift\u00e7ilerle, kimi zaman ise gelecek kayg\u0131s\u0131 ya\u015fayan gen\u00e7lerle bir araya geldiklerini belirtti.<\/p>\n<p class=\"isSelectedEnd\">Siyasetin yaln\u0131zca se\u00e7im d\u00f6nemlerinde yap\u0131lan ziyaretlerden ibaret olmamas\u0131 gerekti\u011fini dile getiren G\u00f6n\u00fclal, vatanda\u015f\u0131n sadece se\u00e7imden se\u00e7ime hat\u0131rlanmas\u0131n\u0131n do\u011fru bir yakla\u015f\u0131m olmad\u0131\u011f\u0131n\u0131 ifade etti.<\/p>\n<p class=\"isSelectedEnd\">\u201cSiyaset se\u00e7im otob\u00fcslerinin k\u00fcrs\u00fclerinde de\u011fil, vatanda\u015f\u0131n kap\u0131s\u0131n\u0131 \u00e7almay\u0131 al\u0131\u015fkanl\u0131k h\u00e2line getirebildi\u011finiz g\u00fcn anlam kazan\u0131r.\u201d diyen G\u00f6n\u00fclal, s\u00fcrekli sahada olman\u0131n \u00f6nemine dikkat \u00e7ekti.<\/p>\n<h2>OTOSANS\u0130T ziyaretinde dikkat \u00e7eken diyalog<\/h2>\n<p class=\"isSelectedEnd\">Son saha programlar\u0131ndan birinin Bursa\u2019n\u0131n \u00f6nemli sanayi merkezlerinden OTOSANS\u0130T\u2019te ger\u00e7ekle\u015ftirildi\u011fini belirten G\u00f6n\u00fclal, burada y\u0131llard\u0131r ayn\u0131 mesle\u011fi yapan bir esnafla ger\u00e7ekle\u015ftirdi\u011fi konu\u015fman\u0131n ekonomik tabloyu \u00f6zetledi\u011fini s\u00f6yledi.<\/p>\n<p class=\"isSelectedEnd\">Sanayi d\u00fckk\u00e2nlar\u0131n\u0131 ziyaret ettikleri s\u0131rada bir esnaf\u0131n tezg\u00e2h\u0131ndaki hesap makinesini g\u00f6stererek, \u201cEskiden bununla kazanc\u0131m\u0131 hesaplard\u0131m. \u015eimdi ise ay sonunu nas\u0131l getirece\u011fimin hesab\u0131n\u0131 yap\u0131yorum.\u201d ifadelerini kulland\u0131\u011f\u0131n\u0131 aktaran G\u00f6n\u00fclal, bu s\u00f6zlerin ekonomik raporlar\u0131n ortaya koyamad\u0131\u011f\u0131 tabloyu a\u00e7\u0131k\u00e7a g\u00f6sterdi\u011fini belirtti.<\/p>\n<p class=\"isSelectedEnd\">Ekonomik g\u00f6stergelerin enflasyonu ve mali verileri ortaya koyabildi\u011fini ancak vatanda\u015f\u0131n ya\u015fad\u0131\u011f\u0131 endi\u015feyi anlatmakta yetersiz kald\u0131\u011f\u0131n\u0131 ifade eden G\u00f6n\u00fclal, bu nedenle siyaset\u00e7ilerin masa ba\u015f\u0131ndan de\u011fil, sahadan beslenmesi gerekti\u011fini s\u00f6yledi.<\/p>\n<h2>\u201cVatanda\u015f\u0131n derdini payla\u015fan siyaset anlay\u0131\u015f\u0131n\u0131 benimsiyoruz\u201d<\/h2>\n<p class=\"isSelectedEnd\">\u0130Y\u0130 Parti\u2019nin vatanda\u015f odakl\u0131 siyaset anlay\u0131\u015f\u0131n\u0131 benimsedi\u011fini ifade eden G\u00f6n\u00fclal, te\u015fkilat olarak toplumun her kesimiyle temas halinde olmaya devam edeceklerini s\u00f6yledi.<\/p>\n<p class=\"isSelectedEnd\">K\u00f6ylerde, \u015fehir merkezlerinde, sanayi sitelerinde ve pazar yerlerinde vatanda\u015flarla bulu\u015fmay\u0131 s\u00fcrd\u00fcreceklerini belirten G\u00f6n\u00fclal, ama\u00e7lar\u0131n\u0131n yaln\u0131zca se\u00e7im d\u00f6nemlerinde oy istemek olmad\u0131\u011f\u0131n\u0131 vurgulad\u0131.<\/p>\n<p class=\"isSelectedEnd\">Vatanda\u015f\u0131n kap\u0131s\u0131n\u0131 sadece destek talep etmek i\u00e7in de\u011fil, sorunlar\u0131n\u0131 dinlemek ve \u00e7\u00f6z\u00fcm \u00f6nerileri geli\u015ftirmek amac\u0131yla \u00e7ald\u0131klar\u0131n\u0131 ifade eden G\u00f6n\u00fclal, saha \u00e7al\u0131\u015fmalar\u0131n\u0131 kararl\u0131l\u0131kla s\u00fcrd\u00fcreceklerini kaydetti.<\/p>\n<p>Toplumun ekonomik beklentilerinin, \u00fcreticinin ya\u015fad\u0131\u011f\u0131 s\u0131k\u0131nt\u0131lar\u0131n, esnaf\u0131n ayakta kalma m\u00fccadelesinin ve gen\u00e7lerin gelecek kayg\u0131lar\u0131n\u0131n siyaset kurumunun \u00f6ncelikli g\u00fcndemi olmas\u0131 gerekti\u011fini belirten G\u00f6n\u00fclal, vatanda\u015fla kurulan do\u011frudan temas\u0131n kamu politikalar\u0131n\u0131n \u015fekillenmesinde \u00f6nemli rol oynad\u0131\u011f\u0131n\u0131 s\u00f6zlerine ekledi.<\/p>\n","protected":false},"excerpt":{"rendered":"<p>\u0130Y\u0130 Parti Osmangazi \u0130l\u00e7e Divan Kurulu \u00dcyesi, T\u00fcrk D\u00fcnyas\u0131 ve Yurtd\u0131\u015f\u0131 T\u00fcrklerden Sorumlu \u0130l\u00e7e Ba\u015fkan Yard\u0131mc\u0131s\u0131 ve \u0130Y\u0130 Parti Bursa \u0130l Ba\u015fkanl\u0131\u011f\u0131 Turizm Komisyonu \u00dcyesi \u00d6zcan G\u00f6n\u00fclal, vatanda\u015f\u0131n ger\u00e7ek g\u00fcndeminin saha ziyaretlerinde a\u00e7\u0131k\u00e7a g\u00f6r\u00fcld\u00fc\u011f\u00fcn\u00fc belirterek, ekonomik s\u0131k\u0131nt\u0131lar, \u00fcreticinin ya\u015fad\u0131\u011f\u0131 zorluklar ve toplumun beklentilerine ili\u015fkin dikkat \u00e7eken de\u011ferlendirmelerde bulundu. G\u00f6n\u00fclal, y\u00fcr\u00fctt\u00fckleri te\u015fkilat \u00e7al\u0131\u015fmalar\u0131 kapsam\u0131nda k\u00f6ylerden mahallelere, [&hellip;]<\/p>\n","protected":false},"author":2,"featured_media":37525,"comment_status":"open","ping_status":"open","sticky":false,"template":"","format":"standard","meta":{"footnotes":""},"categories":[287],"tags":[],"class_list":["post-37428","post","type-post","status-publish","format-standard","has-post-thumbnail","category-siyasey"],"aioseo_notices":[],"_links":{"self":[{"href":"https:\/\/sonkale16tv.com.tr\/index.php\/wp-json\/wp\/v2\/posts\/37428","targetHints":{"allow":["GET"]}}],"collection":[{"href":"https:\/\/sonkale16tv.com.tr\/index.php\/wp-json\/wp\/v2\/posts"}],"about":[{"href":"https:\/\/sonkale16tv.com.tr\/index.php\/wp-json\/wp\/v2\/types\/post"}],"author":[{"embeddable":true,"href":"https:\/\/sonkale16tv.com.tr\/index.php\/wp-json\/wp\/v2\/users\/2"}],"replies":[{"embeddable":true,"href":"https:\/\/sonkale16tv.com.tr\/index.php\/wp-json\/wp\/v2\/comments?post=37428"}],"version-history":[{"count":2,"href":"https:\/\/sonkale16tv.com.tr\/index.php\/wp-json\/wp\/v2\/posts\/37428\/revisions"}],"predecessor-version":[{"id":37526,"href":"https:\/\/sonkale16tv.com.tr\/index.php\/wp-json\/wp\/v2\/posts\/37428\/revisions\/37526"}],"wp:featuredmedia":[{"embeddable":true,"href":"https:\/\/sonkale16tv.com.tr\/index.php\/wp-json\/wp\/v2\/media\/37525"}],"wp:attachment":[{"href":"https:\/\/sonkale16tv.com.tr\/index.php\/wp-json\/wp\/v2\/media?parent=37428"}],"wp:term":[{"taxonomy":"category","embeddable":true,"href":"https:\/\/sonkale16tv.com.tr\/index.php\/wp-json\/wp\/v2\/categories?post=37428"},{"taxonomy":"post_tag","embeddable":true,"href":"https:\/\/sonkale16tv.com.tr\/index.php\/wp-json\/wp\/v2\/tags?post=37428"}],"curies":[{"name":"wp","href":"https:\/\/api.w.org\/{rel}","templated":true}]}}