{"id":37360,"date":"2026-09-05T00:46:44","date_gmt":"2026-09-05T00:46:44","guid":{"rendered":"http:\/\/tdi_50_6b6"},"modified":"2026-09-06T11:56:49","modified_gmt":"2026-09-06T11:56:49","slug":"best-dressed-men-in-sports-industry-footballers-in-top-3-places","status":"publish","type":"post","link":"https:\/\/sonkale16tv.com.tr\/index.php\/2026\/09\/05\/best-dressed-men-in-sports-industry-footballers-in-top-3-places\/","title":{"rendered":"G\u00f6zalt\u0131na al\u0131nm\u0131\u015ft\u0131: \u015eark\u0131c\u0131 Tu\u011fba Ekinci tutukland\u0131"},"content":{"rendered":"<h3 class=\"text-2xl mb-5 hidden lg:block font-metropolis font-semibold description\" data-subtitle-news-id=\"2535162\">Sosyal medya hesaplar\u0131ndan para kar\u015f\u0131l\u0131\u011f\u0131nda m\u00fcstehcen payla\u015f\u0131mlar yapt\u0131\u011f\u0131 iddias\u0131yla g\u00f6zalt\u0131na al\u0131nan Tu\u011fba Ekinci, \u00e7\u0131kar\u0131ld\u0131\u011f\u0131 mahkemece tutukland\u0131. Operasyonda g\u00f6zalt\u0131na al\u0131nan di\u011fer 4 \u015f\u00fcpheliden 3\u2019\u00fc de tutuklan\u0131rken 1 \u015f\u00fcpheli adli kontrol \u015fart\u0131yla serbest b\u0131rak\u0131ld\u0131.<\/h3>\n<p><a href=\"https:\/\/sonkale16tv.com.tr\/wp-content\/uploads\/2026\/09\/tugba-ekinc.webp\"><img loading=\"lazy\" decoding=\"async\" class=\"alignnone size-medium wp-image-37574\" src=\"https:\/\/sonkale16tv.com.tr\/wp-content\/uploads\/2026\/09\/tugba-ekinc-800x450.webp\" alt=\"\" width=\"800\" height=\"450\" srcset=\"https:\/\/sonkale16tv.com.tr\/wp-content\/uploads\/2026\/09\/tugba-ekinc-800x450.webp 800w, https:\/\/sonkale16tv.com.tr\/wp-content\/uploads\/2026\/09\/tugba-ekinc-1200x675.webp 1200w, https:\/\/sonkale16tv.com.tr\/wp-content\/uploads\/2026\/09\/tugba-ekinc-768x432.webp 768w, https:\/\/sonkale16tv.com.tr\/wp-content\/uploads\/2026\/09\/tugba-ekinc-747x420.webp 747w, https:\/\/sonkale16tv.com.tr\/wp-content\/uploads\/2026\/09\/tugba-ekinc-150x84.webp 150w, https:\/\/sonkale16tv.com.tr\/wp-content\/uploads\/2026\/09\/tugba-ekinc-300x169.webp 300w, https:\/\/sonkale16tv.com.tr\/wp-content\/uploads\/2026\/09\/tugba-ekinc-696x392.webp 696w, https:\/\/sonkale16tv.com.tr\/wp-content\/uploads\/2026\/09\/tugba-ekinc-1068x601.webp 1068w, https:\/\/sonkale16tv.com.tr\/wp-content\/uploads\/2026\/09\/tugba-ekinc.webp 1280w\" sizes=\"auto, (max-width: 800px) 100vw, 800px\" \/><\/a><\/p>\n<p>K\u0131z\u0131lcahamam Cumhuriyet Ba\u015fsavc\u0131l\u0131\u011f\u0131 koordinesinde y\u00fcr\u00fct\u00fclen soru\u015fturma kapsam\u0131nda 5 ilde d\u00fczenlenen e\u015f zamanl\u0131 operasyonda, Tu\u011fba Ekinci\u2019nin de aralar\u0131nda bulundu\u011fu 5 \u015f\u00fcpheli g\u00f6zalt\u0131na al\u0131nd\u0131.<\/p>\n<p>G\u00f6zalt\u0131na al\u0131nma gerek\u00e7esi olarak sosyal medya hesaplar\u0131ndan para kar\u015f\u0131l\u0131\u011f\u0131nda m\u00fcstehcen payla\u015f\u0131mlar yap\u0131ld\u0131\u011f\u0131 iddia edildi.<\/p>\n<p><a href=\"https:\/\/sonkale16tv.com.tr\/wp-content\/uploads\/2026\/09\/6716_4.jpg\"><img loading=\"lazy\" decoding=\"async\" class=\" td-modal-image alignnone wp-image-37575 size-medium\" src=\"https:\/\/sonkale16tv.com.tr\/wp-content\/uploads\/2026\/09\/6716_4-800x554.jpg\" alt=\"\" width=\"800\" height=\"554\" srcset=\"https:\/\/sonkale16tv.com.tr\/wp-content\/uploads\/2026\/09\/6716_4-800x554.jpg 800w, https:\/\/sonkale16tv.com.tr\/wp-content\/uploads\/2026\/09\/6716_4-768x531.jpg 768w, https:\/\/sonkale16tv.com.tr\/wp-content\/uploads\/2026\/09\/6716_4-607x420.jpg 607w, https:\/\/sonkale16tv.com.tr\/wp-content\/uploads\/2026\/09\/6716_4-150x104.jpg 150w, https:\/\/sonkale16tv.com.tr\/wp-content\/uploads\/2026\/09\/6716_4-218x150.jpg 218w, https:\/\/sonkale16tv.com.tr\/wp-content\/uploads\/2026\/09\/6716_4-300x208.jpg 300w, https:\/\/sonkale16tv.com.tr\/wp-content\/uploads\/2026\/09\/6716_4-696x482.jpg 696w, https:\/\/sonkale16tv.com.tr\/wp-content\/uploads\/2026\/09\/6716_4.jpg 1000w\" sizes=\"auto, (max-width: 800px) 100vw, 800px\" \/><\/a><\/p>\n<h2 data-path-to-node=\"15\"><strong>TU\u011eBA EK\u0130NC\u0130 K\u0130MD\u0130R?<\/strong><\/h2>\n<p data-path-to-node=\"16\">Tu\u011fba Ekinci, 9 Haziran 1977 tarihinde \u0130stanbul&#8217;da d\u00fcnyaya geldi ve e\u011fitim hayat\u0131n\u0131n ard\u0131ndan magazin ve e\u011flence sekt\u00f6r\u00fcne ad\u0131m att\u0131.<\/p>\n<p data-path-to-node=\"16\">M\u00fczik kariyerinden \u00f6nce \u00e7e\u015fitli g\u00fczellik yar\u0131\u015fmalar\u0131na kat\u0131ld\u0131, mankenlik ve modellik yapt\u0131. Ayr\u0131ca televizyon ekranlar\u0131nda VJ&#8217;lik ve sunuculuk g\u00f6revlerini \u00fcstlendi.<\/p>\n<p data-path-to-node=\"16\">2000&#8217;li y\u0131llar\u0131n ortalar\u0131nda \u00e7\u0131kard\u0131\u011f\u0131 &#8220;O \u015eimdi Asker&#8221; adl\u0131 \u015fark\u0131s\u0131 ve d\u00f6nemin pop\u00fcler alb\u00fcmleriyle T\u00fcrkiye \u00e7ap\u0131nda b\u00fcy\u00fck bir \u015f\u00f6hret yakalad\u0131.<\/p>\n<p data-path-to-node=\"17\">\u015eark\u0131c\u0131l\u0131k kariyerinin yan\u0131 s\u0131ra magazin g\u00fcndeminden d\u00fc\u015fmeyen olayl\u0131 ya\u015fam\u0131yla s\u00fcrekli \u00f6n planda kald\u0131. \u00c7e\u015fitli reality \u015fovlara ve yar\u0131\u015fma programlar\u0131na kat\u0131larak televizyon izleyicisinin yak\u0131ndan tan\u0131d\u0131\u011f\u0131 bir fig\u00fcr haline geldi.<\/p>\n","protected":false},"excerpt":{"rendered":"<p>Sosyal medya hesaplar\u0131ndan para kar\u015f\u0131l\u0131\u011f\u0131nda m\u00fcstehcen payla\u015f\u0131mlar yapt\u0131\u011f\u0131 iddias\u0131yla g\u00f6zalt\u0131na al\u0131nan Tu\u011fba Ekinci, \u00e7\u0131kar\u0131ld\u0131\u011f\u0131 mahkemece tutukland\u0131. Operasyonda g\u00f6zalt\u0131na al\u0131nan di\u011fer 4 \u015f\u00fcpheliden 3\u2019\u00fc de tutuklan\u0131rken 1 \u015f\u00fcpheli adli kontrol \u015fart\u0131yla serbest b\u0131rak\u0131ld\u0131. K\u0131z\u0131lcahamam Cumhuriyet Ba\u015fsavc\u0131l\u0131\u011f\u0131 koordinesinde y\u00fcr\u00fct\u00fclen soru\u015fturma kapsam\u0131nda 5 ilde d\u00fczenlenen e\u015f zamanl\u0131 operasyonda, Tu\u011fba Ekinci\u2019nin de aralar\u0131nda bulundu\u011fu 5 \u015f\u00fcpheli g\u00f6zalt\u0131na al\u0131nd\u0131. G\u00f6zalt\u0131na [&hellip;]<\/p>\n","protected":false},"author":2,"featured_media":37572,"comment_status":"open","ping_status":"open","sticky":false,"template":"","format":"standard","meta":{"footnotes":""},"categories":[281],"tags":[],"class_list":["post-37360","post","type-post","status-publish","format-standard","has-post-thumbnail","category-magazin"],"aioseo_notices":[],"_links":{"self":[{"href":"https:\/\/sonkale16tv.com.tr\/index.php\/wp-json\/wp\/v2\/posts\/37360","targetHints":{"allow":["GET"]}}],"collection":[{"href":"https:\/\/sonkale16tv.com.tr\/index.php\/wp-json\/wp\/v2\/posts"}],"about":[{"href":"https:\/\/sonkale16tv.com.tr\/index.php\/wp-json\/wp\/v2\/types\/post"}],"author":[{"embeddable":true,"href":"https:\/\/sonkale16tv.com.tr\/index.php\/wp-json\/wp\/v2\/users\/2"}],"replies":[{"embeddable":true,"href":"https:\/\/sonkale16tv.com.tr\/index.php\/wp-json\/wp\/v2\/comments?post=37360"}],"version-history":[{"count":2,"href":"https:\/\/sonkale16tv.com.tr\/index.php\/wp-json\/wp\/v2\/posts\/37360\/revisions"}],"predecessor-version":[{"id":37576,"href":"https:\/\/sonkale16tv.com.tr\/index.php\/wp-json\/wp\/v2\/posts\/37360\/revisions\/37576"}],"wp:featuredmedia":[{"embeddable":true,"href":"https:\/\/sonkale16tv.com.tr\/index.php\/wp-json\/wp\/v2\/media\/37572"}],"wp:attachment":[{"href":"https:\/\/sonkale16tv.com.tr\/index.php\/wp-json\/wp\/v2\/media?parent=37360"}],"wp:term":[{"taxonomy":"category","embeddable":true,"href":"https:\/\/sonkale16tv.com.tr\/index.php\/wp-json\/wp\/v2\/categories?post=37360"},{"taxonomy":"post_tag","embeddable":true,"href":"https:\/\/sonkale16tv.com.tr\/index.php\/wp-json\/wp\/v2\/tags?post=37360"}],"curies":[{"name":"wp","href":"https:\/\/api.w.org\/{rel}","templated":true}]}}